{"id":5876,"date":"2018-08-24T11:11:22","date_gmt":"2018-08-24T14:11:22","guid":{"rendered":"https:\/\/www.amazoniasocioambiental.org\/?p=5876"},"modified":"2018-08-24T13:45:27","modified_gmt":"2018-08-24T16:45:27","slug":"preparativos-para-o-sinodo-para-a-amazonia","status":"publish","type":"post","link":"https:\/\/www.raisg.org\/pt-br\/radar\/preparativos-para-o-sinodo-para-a-amazonia\/","title":{"rendered":"Preparativos para o S\u00ednodo para a Amaz\u00f4nia"},"content":{"rendered":"<div class=\"wpb-content-wrapper\"><p>[vc_row][vc_column][vc_column_text]O Documento Preparat\u00f3rio do S\u00ednodo para a Amaz\u00f4nia foi apresentado pela Rede Eclesial Pan-Amaz\u00f4nica (REPAM), juntamente com a Comiss\u00e3o Episcopal para a Amaz\u00f4nia, institui\u00e7\u00f5es parceiras e pastorais para divulgar o material que j\u00e1 est\u00e1 dispon\u00edvel.<\/p>\n<div id=\"attachment_5861\" style=\"width: 349px\" class=\"wp-caption alignleft\"><img fetchpriority=\"high\" decoding=\"async\" aria-describedby=\"caption-attachment-5861\" class=\"wp-image-5861\" src=\"https:\/\/www.raisg.org\/wp-content\/uploads\/2018\/08\/Irm\u00e3-Maria-Irene-Lopes-assessora-da-Comiss\u00e3o-Episcopal-para-a-Amaz\u00f4nia-secret\u00e1ria-executiva-da-REPAM-Brasil.-Cr\u00e9dito-Matheus-Souza-CNBB.jpg\" alt=\"\" width=\"339\" height=\"226\" srcset=\"https:\/\/www.raisg.org\/wp-content\/uploads\/2018\/08\/Irm\u00e3-Maria-Irene-Lopes-assessora-da-Comiss\u00e3o-Episcopal-para-a-Amaz\u00f4nia-secret\u00e1ria-executiva-da-REPAM-Brasil.-Cr\u00e9dito-Matheus-Souza-CNBB.jpg 1024w, https:\/\/www.raisg.org\/wp-content\/uploads\/2018\/08\/Irm\u00e3-Maria-Irene-Lopes-assessora-da-Comiss\u00e3o-Episcopal-para-a-Amaz\u00f4nia-secret\u00e1ria-executiva-da-REPAM-Brasil.-Cr\u00e9dito-Matheus-Souza-CNBB-300x200.jpg 300w, https:\/\/www.raisg.org\/wp-content\/uploads\/2018\/08\/Irm\u00e3-Maria-Irene-Lopes-assessora-da-Comiss\u00e3o-Episcopal-para-a-Amaz\u00f4nia-secret\u00e1ria-executiva-da-REPAM-Brasil.-Cr\u00e9dito-Matheus-Souza-CNBB-768x512.jpg 768w, https:\/\/www.raisg.org\/wp-content\/uploads\/2018\/08\/Irm\u00e3-Maria-Irene-Lopes-assessora-da-Comiss\u00e3o-Episcopal-para-a-Amaz\u00f4nia-secret\u00e1ria-executiva-da-REPAM-Brasil.-Cr\u00e9dito-Matheus-Souza-CNBB-500x333.jpg 500w\" sizes=\"(max-width: 339px) 100vw, 339px\" \/><p id=\"caption-attachment-5861\" class=\"wp-caption-text\">Irm\u00e3 Maria Irene Lopes, assessora da Comiss\u00e3o Episcopal para a Amaz\u00f4nia, secret\u00e1ria executiva da REPAM-Brasil. Cr\u00e9dito: Matheus Souza\/CNBB<\/p><\/div>\n<p>Dom Leonardo Steiner, secret\u00e1rio-geral da Confer\u00eancia Nacional dos Bispos do Brasil (CNBB), presidiu a celebra\u00e7\u00e3o de abertura do evento na sexta-feira,\u00a08 de junho, no audit\u00f3rio da CNBB, em Bras\u00edlia e em seguida falou da import\u00e2ncia da realiza\u00e7\u00e3o do S\u00ednodo para a Amaz\u00f4nia. Para ele, \u00e9 vital que seja realizada essa Assembleia Sinodal, j\u00e1 que a realidade da Amaz\u00f4nia \u00e9 de sofrimento. \u201cRealidade sofrida significa os povos est\u00e3o sofridos, e n\u00e3o apenas os ind\u00edgenas, mas os ribeirinhos, os povos que vivem do extrativismo, grupos isolados que n\u00e3o t\u00eam contato com os brancos\u201d, lembrou Dom Leonardo. \u201c\u00c9 muito importante a Igreja refletir essa realidade, e, por isso, o papa est\u00e1 chamando para Roma\u201d, destacou o secret\u00e1rio-geral da CNBB.<\/p>\n<p>\u201cAmaz\u00f4nia: novos caminhos para a igreja e para uma ecologia integral\u201d \u00e9 o tema do S\u00ednodo que ser\u00e1 realizado em outubro do ano que vem, mas que, de acordo com Papa Francisco, em janeiro desse ano, na visita ao Peru, em Porto Maldonado, j\u00e1 iniciou. Irm\u00e3 Maria Irene Lopes, assessora da Comiss\u00e3o Episcopal para a Amaz\u00f4nia, secret\u00e1ria executiva da REPAM-Brasil, Delegada da Confedera\u00e7\u00e3o Latino-Americana e Caribenha de Religiosos e Religiosas (CLAR) na Comiss\u00e3o Preparat\u00f3ria do S\u00ednodo e \u00fanica mulher da equipe, apresentou o Documento e os passos que ser\u00e3o realizados a partir de agora. \u201cO material tem tr\u00eas fases, o ver, o discernir e o agir, e nos prop\u00f5e a fazer isso a partir da Amaz\u00f4nia, das pessoas que est\u00e3o l\u00e1\u201d, frisou irm\u00e3 Irene.<\/p>\n<p>O objetivo do material \u00e9 preparar as comunidades para o S\u00ednodo e ouvi-las, para que essa grande assembleia repercuta, de fato, os clamores que saem das bases, o que \u00e9 um desejo expresso do Papa Francisco. De acordo com a religiosa o material precisa chegar a todas as pessoas do territ\u00f3rio amaz\u00f4nico para contribu\u00edrem no processo. \u201cO Documento ser\u00e1 utilizado nas assembleias territoriais, realizaremos cerca de 40 ao longo dos pr\u00f3ximos meses, e esse momento ser\u00e1 de escuta das bases: os ind\u00edgenas, os quilombolas, os ribeirinhos, as pessoas das cidades, os jovens\u2026 esse documento vai para as m\u00e3os das pessoas que est\u00e3o na Amaz\u00f4nia\u201d, refor\u00e7ou irm\u00e3 Irene.<\/p>\n<p>&nbsp;<\/p>\n<h4>Leia aqui o\u00a0<strong><a href=\"https:\/\/www.raisg.org\/wp-content\/uploads\/2018\/08\/DOCUMENTO-PREPARATORIO-AMAZONIA_POR.pdf\">Documento Preparat\u00f3rio do S\u00ednodo para a Amaz\u00f4nia<\/a>\u00a0<\/strong>e a <a href=\"https:\/\/www.raisg.org\/wp-content\/uploads\/2018\/08\/Carta-do-III-Encontro-da-Igreja-na-Amazo\u0302nia-Legal-1.pdf\"><strong>Carta do<\/strong> <strong>III Encontro da Igreja Cat\u00f3lica na Amaz\u00f4nia Legal<\/strong><\/a>.<\/h4>\n<p>[\/vc_column_text][\/vc_column][\/vc_row][vc_row][vc_column][vc_column_text]<\/p>\n<h4>Leia tamb\u00e9m os <strong>Boletins do S\u00ednodo<\/strong> elaborados pela REPAM &#8211; Brasil:<\/h4>\n<p><a href=\"https:\/\/www.raisg.org\/wp-content\/uploads\/2018\/08\/Boletim-do-Si\u0301nodo_1.pdf\" target=\"_blank\" rel=\"noopener\"><img decoding=\"async\" class=\"wp-image-5870 alignnone\" src=\"https:\/\/www.raisg.org\/wp-content\/uploads\/2018\/08\/Capa-boletim-1.jpg\" alt=\"\" width=\"534\" height=\"254\" srcset=\"https:\/\/www.raisg.org\/wp-content\/uploads\/2018\/08\/Capa-boletim-1.jpg 1099w, https:\/\/www.raisg.org\/wp-content\/uploads\/2018\/08\/Capa-boletim-1-300x143.jpg 300w, https:\/\/www.raisg.org\/wp-content\/uploads\/2018\/08\/Capa-boletim-1-768x365.jpg 768w, https:\/\/www.raisg.org\/wp-content\/uploads\/2018\/08\/Capa-boletim-1-1024x487.jpg 1024w, https:\/\/www.raisg.org\/wp-content\/uploads\/2018\/08\/Capa-boletim-1-500x238.jpg 500w\" sizes=\"(max-width: 534px) 100vw, 534px\" \/><\/a><\/p>\n<p><a href=\"https:\/\/www.raisg.org\/wp-content\/uploads\/2018\/08\/Boletim-Si\u0301nodo-2.pdf\" target=\"_blank\" rel=\"noopener\"><img decoding=\"async\" class=\"wp-image-5873 alignnone\" src=\"https:\/\/www.raisg.org\/wp-content\/uploads\/2018\/08\/Capa-boltetim-2.jpg\" alt=\"\" width=\"533\" height=\"252\" srcset=\"https:\/\/www.raisg.org\/wp-content\/uploads\/2018\/08\/Capa-boltetim-2.jpg 1095w, https:\/\/www.raisg.org\/wp-content\/uploads\/2018\/08\/Capa-boltetim-2-300x142.jpg 300w, https:\/\/www.raisg.org\/wp-content\/uploads\/2018\/08\/Capa-boltetim-2-768x364.jpg 768w, https:\/\/www.raisg.org\/wp-content\/uploads\/2018\/08\/Capa-boltetim-2-1024x485.jpg 1024w, https:\/\/www.raisg.org\/wp-content\/uploads\/2018\/08\/Capa-boltetim-2-500x237.jpg 500w\" sizes=\"(max-width: 533px) 100vw, 533px\" \/><\/a>[\/vc_column_text][\/vc_column][\/vc_row][vc_row][vc_column][vc_column_text]<strong>Fontes:<\/strong><\/p>\n<p><a href=\"http:\/\/www.cnbb.org.br\/documento-preparatorio-do-sinodo-para-a-amazonia-e-lancado\/\" target=\"_blank\" rel=\"noopener\">www.cnbb.org.br\/documento-preparatorio-do-sinodo-para-a-amazonia-e-lancado\/<\/a><\/p>\n<p><a href=\"http:\/\/repam.org.br\/\" target=\"_blank\" rel=\"noopener\">repam.org.br<\/a>[\/vc_column_text][\/vc_column][\/vc_row]<\/p>\n<\/div>","protected":false},"excerpt":{"rendered":"<p>O Documento Preparat\u00f3rio do S\u00ednodo para a Amaz\u00f4nia foi apresentado pela Rede Eclesial Pan-Amaz\u00f4nica (REPAM), juntamente com a Comiss\u00e3o Episcopal para a Amaz\u00f4nia, institui\u00e7\u00f5es parceiras e pastorais para divulgar o material que j\u00e1 est\u00e1 dispon\u00edvel.<br \/>\n\u201cAmaz\u00f4nia: novos caminhos para a igreja e para uma ecologia integral\u201d \u00e9 o tema do S\u00ednodo que ser\u00e1 realizado em outubro do ano que vem, mas que, de acordo com Papa Francisco, em janeiro desse ano, na visita ao Peru, em Porto Maldonado, j\u00e1 iniciou.<\/p>\n","protected":false},"author":11,"featured_media":5864,"comment_status":"open","ping_status":"open","sticky":false,"template":"","format":"standard","meta":{"_acf_changed":false,"footnotes":""},"categories":[1],"tags":[],"class_list":["post-5876","post","type-post","status-publish","format-standard","has-post-thumbnail","hentry","category-radar","category-1","description-off"],"acf":[],"_links":{"self":[{"href":"https:\/\/www.raisg.org\/pt-br\/wp-json\/wp\/v2\/posts\/5876","targetHints":{"allow":["GET"]}}],"collection":[{"href":"https:\/\/www.raisg.org\/pt-br\/wp-json\/wp\/v2\/posts"}],"about":[{"href":"https:\/\/www.raisg.org\/pt-br\/wp-json\/wp\/v2\/types\/post"}],"author":[{"embeddable":true,"href":"https:\/\/www.raisg.org\/pt-br\/wp-json\/wp\/v2\/users\/11"}],"replies":[{"embeddable":true,"href":"https:\/\/www.raisg.org\/pt-br\/wp-json\/wp\/v2\/comments?post=5876"}],"version-history":[{"count":5,"href":"https:\/\/www.raisg.org\/pt-br\/wp-json\/wp\/v2\/posts\/5876\/revisions"}],"predecessor-version":[{"id":5945,"href":"https:\/\/www.raisg.org\/pt-br\/wp-json\/wp\/v2\/posts\/5876\/revisions\/5945"}],"wp:featuredmedia":[{"embeddable":true,"href":"https:\/\/www.raisg.org\/pt-br\/wp-json\/wp\/v2\/media\/5864"}],"wp:attachment":[{"href":"https:\/\/www.raisg.org\/pt-br\/wp-json\/wp\/v2\/media?parent=5876"}],"wp:term":[{"taxonomy":"category","embeddable":true,"href":"https:\/\/www.raisg.org\/pt-br\/wp-json\/wp\/v2\/categories?post=5876"},{"taxonomy":"post_tag","embeddable":true,"href":"https:\/\/www.raisg.org\/pt-br\/wp-json\/wp\/v2\/tags?post=5876"}],"curies":[{"name":"wp","href":"https:\/\/api.w.org\/{rel}","templated":true}]}}