{"id":6585,"date":"2018-11-06T16:19:16","date_gmt":"2018-11-06T18:19:16","guid":{"rendered":"https:\/\/www.amazoniasocioambiental.org\/radar\/presenciamos-el-peor-momento-de-nuestros-bosques-directora-del-ideam\/"},"modified":"2018-11-06T16:20:14","modified_gmt":"2018-11-06T18:20:14","slug":"presenciamos-el-peor-momento-de-nuestros-bosques-directora-del-ideam","status":"publish","type":"post","link":"https:\/\/www.raisg.org\/pt-br\/radar\/presenciamos-el-peor-momento-de-nuestros-bosques-directora-del-ideam\/","title":{"rendered":"\u201cPresenciamos el peor momento de nuestros bosques\u201d: directora del Ideam"},"content":{"rendered":"<div class=\"wpb-content-wrapper\"><p>[vc_row][vc_column][vc_column_text]<\/p>\n<p style=\"text-align: right;\">Publicado en: Semana Sostenible<\/p>\n<p style=\"text-align: right;\">30 de octubre de 2018<\/p>\n<p style=\"text-align: right;\">Medio Ambiente<\/p>\n<p>[\/vc_column_text][\/vc_column][\/vc_row][vc_row][vc_column][vc_column_text]Como si se tratara de una teor\u00eda filos\u00f3fica o el componente inamovible de una ecuaci\u00f3n matem\u00e1tica, a los colombianos nos han inculcado por a\u00f1os la idea de que la mitad del pa\u00eds est\u00e1 repleta de tupidos y frondosos bosques, una etiqueta que llena de orgullo patrio al coraz\u00f3n y que seguimos repitiendo mec\u00e1nicamente.<\/p>\n<p>Sin embargo, para Yolanda Gonz\u00e1lez Hern\u00e1ndez, actual directora del Instituto de Hidrolog\u00eda y Meteorolog\u00eda y Estudios Ambientales (Ideam), esa aseveraci\u00f3n ya no es del todo cierta.<\/p>\n<p>\u201c<b>Tenemos que quitarnos de la cabeza que la mitad del pa\u00eds es bosque. En los \u00faltimos ocho a\u00f1os hemos perdido casi 2 millones de hect\u00e1reas boscosas,<\/b>\u00a0un panorama cr\u00edtico que sigue increment\u00e1ndose con serias repercusiones en los suelos, r\u00edos y en la biodiversidad nacional\u201d.<\/p>\n<p>Seg\u00fan la funcionaria, en la actualidad el pa\u00eds presenta una voracidad brutal en el tama\u00f1o de los parches de deforestaci\u00f3n, un hecho que le permite asegurar que los bosques colombianos viven su peor momento, en especial los de la Amazonia, regi\u00f3n que en 2017 concentr\u00f3\u00a065 por ciento de la p\u00e9rdida boscosa de todo el territorio.<\/p>\n<p>En el primer trimestre de este a\u00f1o, el Ideam identific\u00f3 parches de m\u00e1s de 200 hect\u00e1reas en el Parque Nacional Natural Tinig\u00fca. Foto Rodrigo Botero, Director FCDS.<\/p>\n<p>\u201cEl promedio de los parches deforestados en el territorio nacional era de dos hect\u00e1reas, con pocos casos de lotes superiores a las 50 hect\u00e1reas. Sin embargo, en el primer trimestre de este a\u00f1o identificamos terrenos pelados de m\u00e1s de 200 hect\u00e1reas, en especial en Tinig\u00fca en el Meta, un Parque Nacional Natural donde se reportaron m\u00e1s de 20 parches de tama\u00f1os nunca antes vistos.\u00a0<b>Pareciera que una avalancha de brigadas deforestadoras estuvieran acabando con nuestros bosques<\/b>\u201d.<\/p>\n<p>La Amazonia es la que m\u00e1s preocupa a Gonz\u00e1lez porque el pa\u00eds no ha dimensionado lo que conlleva acabar con los bosques. Recalca que por encima de estos hay corredores biol\u00f3gicos y f\u00e1bricas de agua. La regi\u00f3n provee de l\u00edquido vital a la cordillera oriental, a sus p\u00e1ramos y a los r\u00edos que transitan por la Orinoquia y Amazonia.\u00a0<b>\u201cLa deforestaci\u00f3n no solo impacta a los cuerpos de agua nacionales, sino a los r\u00edos de Suram\u00e9rica, los del tr\u00f3pico del planeta\u201d,\u00a0<\/b>dijo<b>.<\/b><\/p>\n<p>Si no se toman medidas para blindar los bosques amaz\u00f3nicos, las consecuencias se ver\u00e1n reflejadas en el diario vivir de las urbes.<\/p>\n<p><b>\u201cUn d\u00eda de estos no va a caer agua por el grifo. Vamos a tener que cambiar nuestro confort clim\u00e1tico y cada vez habr\u00e1 m\u00e1s eventos extremos que afectar\u00e1n el diario vivir.\u00a0<\/b>Nos estamos quedando sin bosques riparios y secos para dar paso a viviendas, un crimen brutal para la naturaleza\u201d.<\/p>\n<p>Gonz\u00e1lez hizo \u00e9nfasis en que el pa\u00eds debe tener claro que la deforestaci\u00f3n es un problema que nos afecta a todos, y no solo a los que habitan en la alta monta\u00f1a, los bosques de niebla o en la selva y en que las autoridades ambientales deben incluir las alertas tempranas de deforestaci\u00f3n como una prioridad en sus estudios y an\u00e1lisis.<\/p>\n<p>\u201cCada trimestre generamos en promedio 5 mil alertas, las cuales deben ser tenidas en cuenta de manera inmediata y socializadas con la comunidad\u201d.<\/p>\n<p>Gonz\u00e1lez tambi\u00e9n dio un mensaje de advertencia a las mafias deforestadoras.<\/p>\n<p><b>\u201cEstamos monitoreando a diario a todos los que est\u00e1n tumbando nuestros bosques, ya que la tecnolog\u00eda nos permite identificar en d\u00f3nde y cu\u00e1ndo se deforesta. El mensaje es: los estamos viendo y no pararemos de alertar\u201d.<\/b><\/p>\n<p><b>Cambio en el clima por la deforestaci\u00f3n<\/b><\/p>\n<p>Entre 1971 y 2015, Colombia increment\u00f3 su temperatura en 0,8 grados cent\u00edgrados, alcanzando as\u00ed una cifra promedio de 22 grados.<\/p>\n<p>Seg\u00fan la Directora del Ideam, el pa\u00eds presenta una voracidad brutal en el tama\u00f1o de los parches de deforestaci\u00f3n, en especial en la Amazonia. Parques Nacionales como La Macarena, Tinig\u00fca y Chiribiquete los m\u00e1s cr\u00edticos. Foto Rodrigo Botero, Director FCDS.<\/p>\n<p><b>En 2100, seg\u00fan c\u00e1lculos y proyecciones del Ideam, el pa\u00eds se calentar\u00eda 2,1 grados cent\u00edgrados m\u00e1s si no se toman medidas de mitigaci\u00f3n, lo que aumentar\u00eda la temperatura a los 24,3 grados.<\/b><\/p>\n<p>La deforestaci\u00f3n es uno de los tantos factores que inciden en el calentamiento global.<\/p>\n<p>De continuar con ese rumbo, se ver\u00edan afectados los dos extremos del pa\u00eds: por un lado, las zonas de alta monta\u00f1a, glaciares, lagunas y bosques de niebla donde se concentra la mayor diversidad andina; y por otro las selvas amaz\u00f3nicas y del Pac\u00edfico.<\/p>\n<p>El espacio entre las \u00e1reas de alta monta\u00f1a y los pisos t\u00e9rmicos m\u00e1s bajos, sitio donde habita la mayor parte de la poblaci\u00f3n nacional, empezar\u00eda a reducirse.<\/p>\n<p>\u201cCada vez tendr\u00edamos climas m\u00e1s c\u00e1lidos, lo que acelera el derretimiento de los glaciares, y podr\u00edamos ver la disminuci\u00f3n de lagunas, humedales, turberas y grandes r\u00edos de las cordilleras\u201d, complement\u00f3 Gonz\u00e1lez.<\/p>\n<p><b>Bogot\u00e1 se calienta<\/b><\/p>\n<p>Ya hay evidencias de los impactos del calentamiento clim\u00e1tico colombiano.<\/p>\n<p>\u201cBogot\u00e1, al presentar un clima m\u00e1s c\u00e1lido, ahora cuenta con presencia de aves migratorias de los Llanos Orientales. Todos los sistemas bi\u00f3ticos se desplazan a otros sitios en b\u00fasqueda de un nuevo h\u00e1bitat donde no saben c\u00f3mo sobrevivir. Ya hemos acabado con los r\u00edos y ahora vamos por los bosques.\u00a0<b>No podemos quedarnos solo con la etiqueta de ser el segundo pa\u00eds m\u00e1s biodiverso del planeta, debemos concretar medidas<\/b>\u201d.<\/p>\n<p>\u00bfC\u00f3mo darle un vuelco a este panorama? La Directora del Ideam respondi\u00f3 que es un compromiso de todos.<\/p>\n<p>\u201cEl clima cambia porque los seres humanos modificamos los patrones de vida.\u00a0<b>Antes no hab\u00eda tantos veh\u00edculos y electrodom\u00e9sticos en cada vivienda, y no \u00e9ramos una sociedad de consumo tan acelerada que contamina cada d\u00eda los oc\u00e9anos con pl\u00e1sticos, bolsas y basura.<\/b>\u00a0Somos unos depredadores del planeta porque nos volvimos consumidores de recursos que dependen del deterioro de los ecosistemas\u201d.<\/p>\n<p>Todo es cuesti\u00f3n de h\u00e1bitos. \u201cSi miles de personas nos unimos en ejercicios como el apag\u00f3n o el d\u00eda sin carro, todo cambiar\u00eda. Pero no queremos dar, solo pedir de la naturaleza.\u00a0<b>Necesitamos que la educaci\u00f3n ambiental haga parte de los programas formales en los colegios y universidades.<\/b>\u00a0\u00bfPor qu\u00e9 nos exigen un idioma para graduarnos y no h\u00e1bitos de cuidado sostenibles?\u201d, se pregunta esta funcionaria con t\u00edtulo de ingenier\u00eda forestal.<\/p>\n<p>Sin un cambio de comportamiento, los eventos clim\u00e1ticos extremos har\u00e1n parte del diario vivir con mayor intensidad.<\/p>\n<p>\u201cYa lo vemos. La Guajira tuvo siete meses sin lluvia, y luego, en un solo d\u00eda, cay\u00f3 un aguacero con la cantidad de agua promedio de cuatro meses. Estamos en una d\u00e9cada de eventos extremos. No podemos desconocer m\u00e1s la problem\u00e1tica y seguir con los ojos cerrados y los o\u00eddos sordos ante lo que nos dice el clima.\u00a0<b>La naturaleza siempre avisa, nunca nos coge por sorpresa, pero ignoramos esos llamados<\/b>\u201d, concluy\u00f3 Gonz\u00e1lez.[\/vc_column_text][\/vc_column][\/vc_row][vc_row][vc_column][vc_column_text]Tomado de:\u00a0<a href=\"https:\/\/sostenibilidad.semana.com\/medio-ambiente\/articulo\/presenciamos-el-peor-momento-de-nuestros-bosques-directora-del-ideam\/41966\">https:\/\/sostenibilidad.semana.com\/medio-ambiente\/articulo\/presenciamos-el-peor-momento-de-nuestros-bosques-directora-del-ideam\/41966<\/a>[\/vc_column_text][\/vc_column][\/vc_row]<\/p>\n<\/div>","protected":false},"excerpt":{"rendered":"<p>[vc_row][vc_column][vc_column_text] Publicado en: Semana Sostenible 30 de octubre de 2018 Medio Ambiente [\/vc_column_text][\/vc_column][\/vc_row][vc_row][vc_column][vc_column_text]Como si se tratara de una teor\u00eda filos\u00f3fica o el componente inamovible de una ecuaci\u00f3n matem\u00e1tica, a los colombianos nos han inculcado por a\u00f1os la idea de que la mitad del pa\u00eds est\u00e1 repleta de tupidos y frondosos bosques, una etiqueta que llena&hellip;<\/p>\n","protected":false},"author":299,"featured_media":6582,"comment_status":"open","ping_status":"open","sticky":false,"template":"","format":"standard","meta":{"_acf_changed":false,"footnotes":""},"categories":[1],"tags":[],"class_list":["post-6585","post","type-post","status-publish","format-standard","has-post-thumbnail","hentry","category-radar","category-1","description-off"],"acf":[],"_links":{"self":[{"href":"https:\/\/www.raisg.org\/pt-br\/wp-json\/wp\/v2\/posts\/6585","targetHints":{"allow":["GET"]}}],"collection":[{"href":"https:\/\/www.raisg.org\/pt-br\/wp-json\/wp\/v2\/posts"}],"about":[{"href":"https:\/\/www.raisg.org\/pt-br\/wp-json\/wp\/v2\/types\/post"}],"author":[{"embeddable":true,"href":"https:\/\/www.raisg.org\/pt-br\/wp-json\/wp\/v2\/users\/299"}],"replies":[{"embeddable":true,"href":"https:\/\/www.raisg.org\/pt-br\/wp-json\/wp\/v2\/comments?post=6585"}],"version-history":[{"count":1,"href":"https:\/\/www.raisg.org\/pt-br\/wp-json\/wp\/v2\/posts\/6585\/revisions"}],"predecessor-version":[{"id":6587,"href":"https:\/\/www.raisg.org\/pt-br\/wp-json\/wp\/v2\/posts\/6585\/revisions\/6587"}],"wp:featuredmedia":[{"embeddable":true,"href":"https:\/\/www.raisg.org\/pt-br\/wp-json\/wp\/v2\/media\/6582"}],"wp:attachment":[{"href":"https:\/\/www.raisg.org\/pt-br\/wp-json\/wp\/v2\/media?parent=6585"}],"wp:term":[{"taxonomy":"category","embeddable":true,"href":"https:\/\/www.raisg.org\/pt-br\/wp-json\/wp\/v2\/categories?post=6585"},{"taxonomy":"post_tag","embeddable":true,"href":"https:\/\/www.raisg.org\/pt-br\/wp-json\/wp\/v2\/tags?post=6585"}],"curies":[{"name":"wp","href":"https:\/\/api.w.org\/{rel}","templated":true}]}}