{"id":6963,"date":"2018-12-13T18:08:21","date_gmt":"2018-12-13T20:08:21","guid":{"rendered":"https:\/\/www.amazoniasocioambiental.org\/radar\/procuraduria-pide-al-gobierno-medidas-urgentes-contra-la-deforestacion\/"},"modified":"2018-12-13T18:08:46","modified_gmt":"2018-12-13T20:08:46","slug":"procuraduria-pide-al-gobierno-medidas-urgentes-contra-la-deforestacion","status":"publish","type":"post","link":"https:\/\/www.raisg.org\/pt-br\/radar\/procuraduria-pide-al-gobierno-medidas-urgentes-contra-la-deforestacion\/","title":{"rendered":"Procuradur\u00eda pide al Gobierno medidas urgentes contra la deforestaci\u00f3n"},"content":{"rendered":"<div class=\"wpb-content-wrapper\"><p>[vc_row][vc_column][vc_column_text]<\/p>\n<p style=\"text-align: right;\">Publicado en: El Tiempo<\/p>\n<p style=\"text-align: right;\">Justicia<\/p>\n<p style=\"text-align: right;\">13 de diciembre de 2018<\/p>\n<p>[\/vc_column_text][\/vc_column][\/vc_row][vc_row][vc_column][vc_column_text]<\/p>\n<p id=\"pnull-m64-63-65\" class=\"contenido\">Durante una mesa de trabajo con distintas entidades estatales, la Procuradur\u00eda General de la Naci\u00f3n hizo \u00e9nfasis en la\u00a0<b>urgencia de\u00a0acciones que garanticen la protecci\u00f3n, preservaci\u00f3n, conservaci\u00f3n y recuperaci\u00f3n de los territorios que est\u00e1n siendo amenazados por la deforestaci\u00f3n como la Amazon\u00eda colombiana.<\/b><\/p>\n<p>Por eso pidi\u00f3 a los ministerios de Defensa, Ambiente y Desarrollo Sostenible, Vivienda, Ciudad y Territorio, Agricultura y Desarrollo Rural, Minas y Energ\u00eda y Hacienda, adoptar medidas urgentes para enfrentar la deforestaci\u00f3n en el pa\u00eds, especialmente en la Amazonia ante las graves problem\u00e1ticas ambientales y territoriales que presenta.<img decoding=\"async\" src=\"https:\/\/tags.bluekai.com\/site\/49229?limit=1&amp;phint=clickcampaign%3D8397076\" \/><\/p>\n<div id=\"pnull-m202-2-203\" class=\"articulo-enlaces\">\n<div class=\"modulo-relacionados-bk\">\n<div id=\"m286-285-287\" data-collection=\"pnull-m202-2-203\"><\/div>\n<\/div>\n<\/div>\n<p id=\"pnull-m74-2-75\" class=\"contenido\">Para el Ministerio P\u00fablico es necesario que haya estrategias para proteger un ecosistema estrat\u00e9gico como la Amazonia, amenazado por los efectos del cambio clim\u00e1tico, desarrollo no sustentable, ampliaci\u00f3n de la frontera agr\u00edcola, ganader\u00eda extensiva, miner\u00eda, pr\u00e1cticas ilegales relacionadas con actividades extractivas, tr\u00e1fico ilegal de drogas y de especies de fauna y flora silvestre, deforestaci\u00f3n causada por proyectos de infraestructura, entre otros.<\/p>\n<div id=\"pnull-m180-3-181\" class=\"articulo-quote\">\n<div class=\"quote-bk\">\n<p id=\"m184-183-185\" class=\"mensaje\">En nombre del desarrollo se est\u00e1 promoviendo de manera simult\u00e1nea la deforestaci\u00f3n y lo que es m\u00e1s grave, la ruptura de corredores de conectividad de ecosistemas<span style=\"background-color: #d5d5d5;\">.<\/span><\/p>\n<\/div>\n<\/div>\n<p id=\"pnull-m174-3-175\" class=\"contenido\">\u201cEn nombre del desarrollo se est\u00e1 promoviendo de manera simult\u00e1nea la deforestaci\u00f3n y lo que es m\u00e1s grave, la ruptura de corredores de conectividad de ecosistemas, de la mano muchas veces de proyectos del orden nacional y de planes viales departamentales y municipales, o desconociendo la consulta previa en aquellos casos en que est\u00e1n involucrados territorios de resguardos ind\u00edgenas. Todo esto sin olvidar el aporte que cada hect\u00e1rea deforestada hace al cambio clim\u00e1tico\u201d, expres\u00f3 al respecto la Procuradur\u00eda delegada para Asuntos Ambientales.<\/p>\n<p><span id=\"pnull-m314-6-315\" class=\"articulo-subtitulo\">Cambio clim\u00e1tico<\/span><\/p>\n<p id=\"pnull-m308-6-309\" class=\"contenido\">El an\u00e1lisis de la Procuradur\u00eda General mencion\u00f3 la<b>\u00a0importancia de implementar estrategias de adaptaci\u00f3n, as\u00ed como la necesidad de disminuir o abolir la ejecuci\u00f3n de actividades que puedan aumentar la vulnerabilidad de la Amazonia<\/b>\u00a0a los efectos de este fen\u00f3meno como lo son el cambio de uso de la tierras, la alteraci\u00f3n del r\u00e9gimen h\u00eddrico de esta regi\u00f3n, la desaparici\u00f3n de los bosques primarios, entre otras.<\/p>\n<p><span id=\"pnull-m327-8-328\" class=\"articulo-subtitulo\">Miner\u00eda<\/span><\/p>\n<p id=\"pnull-m321-8-322\" class=\"contenido\">Sobre los impactos ambientales y sociales derivados de la actividad minera, el Ministerio P\u00fablico hizo un llamado para que las diferentes autoridades desde el \u00e1mbito de sus competencias act\u00faen con la contundencia necesaria para\u00a0<b>impedir el avance de esta actividad que causa da\u00f1o ambiental irreversible y que genera tambi\u00e9n impactos sociales indeseables para las poblaciones aleda\u00f1as.\u00a0<\/b><\/p>\n<p>Frente a la extracci\u00f3n ilegal de recursos, la Procuradur\u00eda advirti\u00f3 que\u00a0<b>el uso del mercurio, como parte del ejercicio ilegal de la actividad minera, es el elemento m\u00e1s nocivo para las fuentes h\u00eddricas,<\/b>\u00a0que recae directamente sobre la poblaci\u00f3n campesina e ind\u00edgena, poniendo en riesgo derechos constitucionales a la salud, a gozar de un medio ambiente sano y a la seguridad alimentaria.<\/p>\n<p id=\"pnull-m334-10-335\" class=\"contenido\">Entre los r\u00edos de la regi\u00f3n amaz\u00f3nica que se han visto afectados por cuenta de la miner\u00eda est\u00e1n los de Guaviare, Guain\u00eda, Vaup\u00e9s, Apaporis, Tararira, Caquet\u00e1, Putumayo, y Cagu\u00e1n, entre otros.<\/p>\n<p><span id=\"pnull-m425-12-426\" class=\"articulo-subtitulo\">Incremento en la ganader\u00eda<\/span><\/p>\n<p id=\"pnull-m376-11-377\" class=\"contenido\">Para el ente de control el aumento de la deforestaci\u00f3n en la regi\u00f3n tiene origen en gran medida a la actividad ganadera, por lo que inst\u00f3 al Gobierno Nacional a intervenir con contundencia en el control de las actividades ganaderas a gran escala.<\/p>\n<p>Por \u00faltimo, resalt\u00f3 que\u00a0<b>la problem\u00e1tica de esta regi\u00f3n demanda de una estrategia articulada de las diferentes carteras ministeriales,<\/b>\u00a0con el fin de resolver las m\u00faltiples problem\u00e1ticas que enfrenta esta importante regi\u00f3n.[\/vc_column_text][vc_column_text]Tomado de:\u00a0<a href=\"https:\/\/www.eltiempo.com\/justicia\/investigacion\/procuraduria-pide-al-gobierno-proteger-la-amazonia-y-evitar-deforestacion-304782\">https:\/\/www.eltiempo.com\/justicia\/investigacion\/procuraduria-pide-al-gobierno-proteger-la-amazonia-y-evitar-deforestacion-304782<\/a>[\/vc_column_text][\/vc_column][\/vc_row]<\/p>\n<\/div>","protected":false},"excerpt":{"rendered":"<p>[vc_row][vc_column][vc_column_text] Publicado en: El Tiempo Justicia 13 de diciembre de 2018 [\/vc_column_text][\/vc_column][\/vc_row][vc_row][vc_column][vc_column_text] Durante una mesa de trabajo con distintas entidades estatales, la Procuradur\u00eda General de la Naci\u00f3n hizo \u00e9nfasis en la\u00a0urgencia de\u00a0acciones que garanticen la protecci\u00f3n, preservaci\u00f3n, conservaci\u00f3n y recuperaci\u00f3n de los territorios que est\u00e1n siendo amenazados por la deforestaci\u00f3n como la Amazon\u00eda colombiana. Por&hellip;<\/p>\n","protected":false},"author":299,"featured_media":6960,"comment_status":"open","ping_status":"open","sticky":false,"template":"","format":"standard","meta":{"_acf_changed":false,"footnotes":""},"categories":[1],"tags":[],"class_list":["post-6963","post","type-post","status-publish","format-standard","has-post-thumbnail","hentry","category-radar","category-1","description-off"],"acf":[],"_links":{"self":[{"href":"https:\/\/www.raisg.org\/pt-br\/wp-json\/wp\/v2\/posts\/6963","targetHints":{"allow":["GET"]}}],"collection":[{"href":"https:\/\/www.raisg.org\/pt-br\/wp-json\/wp\/v2\/posts"}],"about":[{"href":"https:\/\/www.raisg.org\/pt-br\/wp-json\/wp\/v2\/types\/post"}],"author":[{"embeddable":true,"href":"https:\/\/www.raisg.org\/pt-br\/wp-json\/wp\/v2\/users\/299"}],"replies":[{"embeddable":true,"href":"https:\/\/www.raisg.org\/pt-br\/wp-json\/wp\/v2\/comments?post=6963"}],"version-history":[{"count":1,"href":"https:\/\/www.raisg.org\/pt-br\/wp-json\/wp\/v2\/posts\/6963\/revisions"}],"predecessor-version":[{"id":6965,"href":"https:\/\/www.raisg.org\/pt-br\/wp-json\/wp\/v2\/posts\/6963\/revisions\/6965"}],"wp:featuredmedia":[{"embeddable":true,"href":"https:\/\/www.raisg.org\/pt-br\/wp-json\/wp\/v2\/media\/6960"}],"wp:attachment":[{"href":"https:\/\/www.raisg.org\/pt-br\/wp-json\/wp\/v2\/media?parent=6963"}],"wp:term":[{"taxonomy":"category","embeddable":true,"href":"https:\/\/www.raisg.org\/pt-br\/wp-json\/wp\/v2\/categories?post=6963"},{"taxonomy":"post_tag","embeddable":true,"href":"https:\/\/www.raisg.org\/pt-br\/wp-json\/wp\/v2\/tags?post=6963"}],"curies":[{"name":"wp","href":"https:\/\/api.w.org\/{rel}","templated":true}]}}