{"id":8728,"date":"2019-06-12T10:24:47","date_gmt":"2019-06-12T13:24:47","guid":{"rendered":"https:\/\/www.amazoniasocioambiental.org\/radar\/amazonas-jair-bolsonaro-desafia-al-vaticano\/"},"modified":"2019-06-12T10:34:51","modified_gmt":"2019-06-12T13:34:51","slug":"amazonas-jair-bolsonaro-desafia-al-vaticano","status":"publish","type":"post","link":"https:\/\/www.raisg.org\/pt-br\/radar\/amazonas-jair-bolsonaro-desafia-al-vaticano\/","title":{"rendered":"Amazonas: Jair Bolsonaro desaf\u00eda al Vaticano"},"content":{"rendered":"<div class=\"wpb-content-wrapper\"><p>[vc_row][vc_column][vc_column_text]<\/p>\n<p style=\"text-align: right;\"><strong>09 de maio de 2019<\/strong><\/p>\n<p style=\"text-align: right;\"><strong><a href=\"https:\/\/fsspx.news\/es\">FSSPX.NEWS<\/a><\/strong><\/p>\n<p>&nbsp;<\/p>\n<section class=\"content-page__text content-page__text--summary\">\n<p class=\"summary-body\"><em>Descontento con la injerencia de la Iglesia cat\u00f3lica en la pol\u00edtica interna de su pa\u00eds, el presidente brasile\u00f1o Jair Bolsonaro quiere organizar un &#8220;contra-s\u00ednodo&#8221; en Roma el pr\u00f3ximo mes de septiembre en respuesta al S\u00ednodo sobre la Amazon\u00eda programado para el mes de octubre.<\/em><\/p>\n<p>&nbsp;<\/p>\n<\/section>\n<p class=\"content-page__text\">La Iglesia cat\u00f3lica est\u00e1 organizando un S\u00ednodo sobre el Amazonas del 6 al 27 de octubre de 2019, durante el cual se espera que los sacerdotes y obispos de los nueve pa\u00edses amaz\u00f3nicos de Am\u00e9rica Latina discutan temas relacionados con el medio ambiente, los pueblos ind\u00edgenas y el cambio clim\u00e1tico.<\/p>\n<p class=\"content-page__text\">Jair Bolsonaro, el hombre que, desde el 1 de enero de 2019, ha presidido el futuro de Brasil, uno de los pa\u00edses m\u00e1s cat\u00f3licos del mundo, tiene una opini\u00f3n desfavorable acerca de este s\u00ednodo, que considera una injerencia extranjera en detrimento de la soberan\u00eda de su pa\u00eds. Cabe se\u00f1alar que el presidente de la Rep\u00fablica Federativa del Brasil es cat\u00f3lico.<\/p>\n<p class=\"content-page__text\">Por ello, para expresar su oposici\u00f3n al s\u00ednodo amaz\u00f3nico, el gobierno brasile\u00f1o est\u00e1 considerando la idea de organizar en Roma, un mes antes de la reuni\u00f3n en el Vaticano, un simposio rival que destaque la &#8220;preocupaci\u00f3n brasile\u00f1a por la Amazonia y sus pueblos ind\u00edgenas&#8221;.<\/p>\n<p class=\"content-page__text\">Los dos puntos de vista se oponen en este delicado tema: por su parte, Brasil considera a la Amazonia como un recurso nacional para ser explotado libremente por el hombre, mientras que la Santa Sede ha insistido, desde el comienzo del pontificado de Francisco, en el derecho de los pueblos ind\u00edgenas a permanecer en su tierra, con su forma de vida tradicional.<\/p>\n<p class=\"content-page__text\">La tensi\u00f3n ha aumentado en las \u00faltimas semanas: mientras que el Vaticano acusa al jefe de estado brasile\u00f1o de [desangrar a la Amazonia con incentivos monetarios], este \u00faltimo considera que la Iglesia est\u00e1 en manos de los progresistas y los globalistas: &#8220;las Naciones Unidas (ONU) est\u00e1 discutiendo con los nativos la posibilidad de crear nuevos pa\u00edses en Brasil&#8221;, dijo Jair Bolsonaro en una entrevista de radio el 9 de abril de 2019.<\/p>\n<p class=\"content-page__text\">El general Augusto Heleno Ribeiro, jefe del Gabinete de Seguridad Institucional del presidente Bolsonaro, ya hab\u00eda advertido al Vaticano, como FSSPX.Actualidad inform\u00f3 el 20 de febrero de 2019: \u201cLa pol\u00edtica sobre el Amazonas pertenece a la defensa nacional; la soberan\u00eda de Brasil est\u00e1 en juego&#8221;.<\/p>\n<p class=\"content-page__text\">En Roma, el desaf\u00edo lanzado por Jair Bolsonaro fue sorpresivo: el cardenal Lorenzo Baldisseri, secretario general del S\u00ednodo de los Obispos, reconoci\u00f3 que se dar\u00eda &#8220;atenci\u00f3n prioritaria&#8221; a las poblaciones ind\u00edgenas de la regi\u00f3n amaz\u00f3nica. Sin embargo, subray\u00f3 que &#8220;las reflexiones del s\u00ednodo (ir\u00edan) m\u00e1s all\u00e1 de la regi\u00f3n amaz\u00f3nica, porque conciernen a toda la Iglesia y al futuro del planeta&#8221;, quien sabe, quiz\u00e1s estas reflexiones tambi\u00e9n puedan referirse a la predicaci\u00f3n de la fe cat\u00f3lica&#8230;<\/p>\n<p class=\"content-page__text\">En el seno de la Iglesia, varias voces se han alzado, temiendo que el futuro s\u00ednodo organizado por el Vaticano tambi\u00e9n sea una oportunidad para reavivar el debate sobre el celibato sacerdotal al introducir la posibilidad de que hombres casados \u200b\u200bingresen al sacerdocio.<\/p>\n<p>&nbsp;<\/p>\n<p class=\"content-page__text content-page__text--footer\"><em>Fuente: Mongabay\/cath.ch &#8211; FSSPX.Actualit\u00e9s \u2013 05\/06\/2019<\/em><\/p>\n<p class=\"content-page__text content-page__text--footer\"><a href=\"https:\/\/fsspx.news\/es\/news-events\/news\/amazonas-jair-bolsonaro-desaf%C3%ADa-al-vaticano-47696\">https:\/\/fsspx.news\/es\/news-events\/news\/amazonas-jair-bolsonaro-desaf%C3%ADa-al-vaticano-47696<\/a><\/p>\n<p>[\/vc_column_text][\/vc_column][\/vc_row]<\/p>\n<\/div>","protected":false},"excerpt":{"rendered":"<p>Descontento con la injerencia de la Iglesia cat\u00f3lica en la pol\u00edtica interna de su pa\u00eds, el presidente brasile\u00f1o Jair Bolsonaro quiere organizar un &#8220;contra-s\u00ednodo&#8221; en Roma el pr\u00f3ximo mes de septiembre en respuesta al S\u00ednodo sobre la Amazon\u00eda programado para el mes de octubre.<\/p>\n","protected":false},"author":11,"featured_media":8723,"comment_status":"open","ping_status":"open","sticky":false,"template":"","format":"standard","meta":{"_acf_changed":false,"footnotes":""},"categories":[1],"tags":[],"class_list":["post-8728","post","type-post","status-publish","format-standard","has-post-thumbnail","hentry","category-radar","category-1","description-off"],"acf":[],"_links":{"self":[{"href":"https:\/\/www.raisg.org\/pt-br\/wp-json\/wp\/v2\/posts\/8728","targetHints":{"allow":["GET"]}}],"collection":[{"href":"https:\/\/www.raisg.org\/pt-br\/wp-json\/wp\/v2\/posts"}],"about":[{"href":"https:\/\/www.raisg.org\/pt-br\/wp-json\/wp\/v2\/types\/post"}],"author":[{"embeddable":true,"href":"https:\/\/www.raisg.org\/pt-br\/wp-json\/wp\/v2\/users\/11"}],"replies":[{"embeddable":true,"href":"https:\/\/www.raisg.org\/pt-br\/wp-json\/wp\/v2\/comments?post=8728"}],"version-history":[{"count":4,"href":"https:\/\/www.raisg.org\/pt-br\/wp-json\/wp\/v2\/posts\/8728\/revisions"}],"predecessor-version":[{"id":8749,"href":"https:\/\/www.raisg.org\/pt-br\/wp-json\/wp\/v2\/posts\/8728\/revisions\/8749"}],"wp:featuredmedia":[{"embeddable":true,"href":"https:\/\/www.raisg.org\/pt-br\/wp-json\/wp\/v2\/media\/8723"}],"wp:attachment":[{"href":"https:\/\/www.raisg.org\/pt-br\/wp-json\/wp\/v2\/media?parent=8728"}],"wp:term":[{"taxonomy":"category","embeddable":true,"href":"https:\/\/www.raisg.org\/pt-br\/wp-json\/wp\/v2\/categories?post=8728"},{"taxonomy":"post_tag","embeddable":true,"href":"https:\/\/www.raisg.org\/pt-br\/wp-json\/wp\/v2\/tags?post=8728"}],"curies":[{"name":"wp","href":"https:\/\/api.w.org\/{rel}","templated":true}]}}